{"id":6014,"date":"2024-02-28T19:33:06","date_gmt":"2024-02-28T19:33:06","guid":{"rendered":"https:\/\/www.superfeed.es\/?p=6014"},"modified":"2024-06-14T09:47:43","modified_gmt":"2024-06-14T09:47:43","slug":"escandalo-lacteo-confirmado-cartel-de-la-leche","status":"publish","type":"post","link":"https:\/\/www.superfeed.com\/?p=6014","title":{"rendered":"Esc\u00e1ndalo L\u00e1cteo: Confirmado C\u00e1rtel de la leche"},"content":{"rendered":"\t\t<div data-elementor-type=\"wp-post\" data-elementor-id=\"6014\" class=\"elementor elementor-6014\">\n\t\t\t\t\t\t<section class=\"elementor-section elementor-top-section elementor-element elementor-element-9c43911 elementor-section-boxed elementor-section-height-default elementor-section-height-default\" data-id=\"9c43911\" data-element_type=\"section\" data-e-type=\"section\">\n\t\t\t\t\t\t<div class=\"elementor-container elementor-column-gap-default\">\n\t\t\t\t\t<div class=\"elementor-column elementor-col-100 elementor-top-column elementor-element elementor-element-17a102f9\" data-id=\"17a102f9\" data-element_type=\"column\" data-e-type=\"column\">\n\t\t\t<div class=\"elementor-widget-wrap elementor-element-populated\">\n\t\t\t\t\t\t<div class=\"elementor-element elementor-element-3ed875b2 elementor-widget elementor-widget-text-editor\" data-id=\"3ed875b2\" data-element_type=\"widget\" data-e-type=\"widget\" data-widget_type=\"text-editor.default\">\n\t\t\t\t<div class=\"elementor-widget-container\">\n\t\t\t\t\t\t\t\t\tLa Audiencia Nacional confirm\u00f3 la existencia del c\u00e1rtel de la leche formado por ocho empresas l\u00e1cteas, incluyendo Pascual, Danone, Lactalis y Nestl\u00e9, entre otras. Se ratificaron multas por 8,5 millones de euros a Calidad Pascual, 53.310 euros a Central Lechera Galicia, 11,6 millones a Grupo Lactalis Iberia, 6,8 millones a Nestl\u00e9, y 929.644 euros a Schreiber Food Espa\u00f1a.\r\n\r\n&nbsp;\r\n\r\nSe rechaz\u00f3 el recurso de algunas empresas que consideraban las sanciones arbitrarias. Sin embargo, se estim\u00f3 parcialmente el recurso de otras compa\u00f1\u00edas, solicitando a Competencia recalcular multas debido a periodos prescritos.\r\n\r\n&nbsp;\r\n\r\nEl tribunal confirm\u00f3 la participaci\u00f3n de la Asociaci\u00f3n de Empresas L\u00e1cteas de Galicia en el c\u00e1rtel pero anul\u00f3 su multa de 60.000 euros. Las sentencias confirman sanciones por infracci\u00f3n \u00abmuy grave\u00bb entre 2000 y 2013, destacando intercambios de informaci\u00f3n sobre precios y condiciones comerciales, contactos sobre ganaderos y estrategias, as\u00ed como acuerdos de fijaci\u00f3n de precios y reparto de mercado en el sector l\u00e1cteo.\r\n\r\n&nbsp;\t\t\t\t\t\t\t\t<\/div>\n\t\t\t\t<\/div>\n\t\t\t\t\t<\/div>\n\t\t<\/div>\n\t\t\t\t\t<\/div>\n\t\t<\/section>\n\t\t\t\t<\/div>\n\t\t","protected":false},"excerpt":{"rendered":"<p>La Audiencia Nacional confirm\u00f3 la existencia del c\u00e1rtel de la leche formado por ocho empresas l\u00e1cteas, incluyendo Pascual, Danone, Lactalis y Nestl\u00e9, entre otras. Se ratificaron multas por 8,5 millones de euros a Calidad Pascual, 53.310 euros a Central Lechera Galicia, 11,6 millones a Grupo Lactalis Iberia, 6,8 millones a Nestl\u00e9, y 929.644 euros a [&hellip;]<\/p>\n","protected":false},"author":2,"featured_media":6015,"comment_status":"closed","ping_status":"open","sticky":false,"template":"","format":"gallery","meta":{"_monsterinsights_skip_tracking":false,"_monsterinsights_sitenote_active":false,"_monsterinsights_sitenote_note":"","_monsterinsights_sitenote_category":0,"footnotes":""},"categories":[27],"tags":[],"class_list":["post-6014","post","type-post","status-publish","format-gallery","has-post-thumbnail","hentry","category-noticias-super-feed","post_format-post-format-gallery"],"yoast_head":"<!-- This site is optimized with the Yoast SEO plugin v27.5 - https:\/\/yoast.com\/product\/yoast-seo-wordpress\/ -->\n<title>Esc\u00e1ndalo L\u00e1cteo: Confirmado C\u00e1rtel de la leche<\/title>\n<meta name=\"description\" content=\"La Audiencia Nacional confirm\u00f3 la existencia del c\u00e1rtel de la leche formado por ocho empresas l\u00e1cteasLas sentencias confirman sanciones por infracci\u00f3n &quot;muy grave&quot;\" \/>\n<meta name=\"robots\" content=\"index, follow, max-snippet:-1, max-image-preview:large, max-video-preview:-1\" \/>\n<link rel=\"canonical\" href=\"https:\/\/www.superfeed.com\/?p=6014\" \/>\n<meta property=\"og:locale\" content=\"es_ES\" \/>\n<meta property=\"og:type\" content=\"article\" \/>\n<meta property=\"og:title\" content=\"Esc\u00e1ndalo L\u00e1cteo: Confirmado C\u00e1rtel de la leche\" \/>\n<meta property=\"og:description\" content=\"La Audiencia Nacional confirm\u00f3 la existencia del c\u00e1rtel de la leche formado por ocho empresas l\u00e1cteasLas sentencias confirman sanciones por infracci\u00f3n &quot;muy grave&quot;\" \/>\n<meta property=\"og:url\" content=\"https:\/\/www.superfeed.com\/?p=6014\" \/>\n<meta property=\"og:site_name\" content=\"Super Feed\" \/>\n<meta property=\"article:publisher\" content=\"https:\/\/www.facebook.com\/ComunicacionSuperFeed\" \/>\n<meta property=\"article:published_time\" content=\"2024-02-28T19:33:06+00:00\" \/>\n<meta property=\"article:modified_time\" content=\"2024-06-14T09:47:43+00:00\" \/>\n<meta property=\"og:image\" content=\"https:\/\/www.superfeed.com\/wp-content\/uploads\/2024\/02\/Cartel-dela-leche.jpg\" \/>\n\t<meta property=\"og:image:width\" content=\"768\" \/>\n\t<meta property=\"og:image:height\" content=\"768\" \/>\n\t<meta property=\"og:image:type\" content=\"image\/jpeg\" \/>\n<meta name=\"author\" content=\"Super Feed\" \/>\n<meta name=\"twitter:label1\" content=\"Escrito por\" \/>\n\t<meta name=\"twitter:data1\" content=\"Super Feed\" \/>\n\t<meta name=\"twitter:label2\" content=\"Tiempo de lectura\" \/>\n\t<meta name=\"twitter:data2\" content=\"1 minuto\" \/>\n<script type=\"application\/ld+json\" class=\"yoast-schema-graph\">{\"@context\":\"https:\\\/\\\/schema.org\",\"@graph\":[{\"@type\":\"Article\",\"@id\":\"https:\\\/\\\/www.superfeed.com\\\/?p=6014#article\",\"isPartOf\":{\"@id\":\"https:\\\/\\\/www.superfeed.com\\\/?p=6014\"},\"author\":{\"name\":\"Super Feed\",\"@id\":\"https:\\\/\\\/www.superfeed.com\\\/#\\\/schema\\\/person\\\/fac35fec60b7ae7b289ba629f9e06c75\"},\"headline\":\"Esc\u00e1ndalo L\u00e1cteo: Confirmado C\u00e1rtel de la leche\",\"datePublished\":\"2024-02-28T19:33:06+00:00\",\"dateModified\":\"2024-06-14T09:47:43+00:00\",\"mainEntityOfPage\":{\"@id\":\"https:\\\/\\\/www.superfeed.com\\\/?p=6014\"},\"wordCount\":170,\"publisher\":{\"@id\":\"https:\\\/\\\/www.superfeed.com\\\/#organization\"},\"image\":{\"@id\":\"https:\\\/\\\/www.superfeed.com\\\/?p=6014#primaryimage\"},\"thumbnailUrl\":\"https:\\\/\\\/www.superfeed.com\\\/wp-content\\\/uploads\\\/2024\\\/02\\\/Cartel-dela-leche.jpg\",\"articleSection\":[\"Noticias Super Feed\"],\"inLanguage\":\"es\"},{\"@type\":\"WebPage\",\"@id\":\"https:\\\/\\\/www.superfeed.com\\\/?p=6014\",\"url\":\"https:\\\/\\\/www.superfeed.com\\\/?p=6014\",\"name\":\"Esc\u00e1ndalo L\u00e1cteo: Confirmado C\u00e1rtel de la leche\",\"isPartOf\":{\"@id\":\"https:\\\/\\\/www.superfeed.com\\\/#website\"},\"primaryImageOfPage\":{\"@id\":\"https:\\\/\\\/www.superfeed.com\\\/?p=6014#primaryimage\"},\"image\":{\"@id\":\"https:\\\/\\\/www.superfeed.com\\\/?p=6014#primaryimage\"},\"thumbnailUrl\":\"https:\\\/\\\/www.superfeed.com\\\/wp-content\\\/uploads\\\/2024\\\/02\\\/Cartel-dela-leche.jpg\",\"datePublished\":\"2024-02-28T19:33:06+00:00\",\"dateModified\":\"2024-06-14T09:47:43+00:00\",\"description\":\"La Audiencia Nacional confirm\u00f3 la existencia del c\u00e1rtel de la leche formado por ocho empresas l\u00e1cteasLas sentencias confirman sanciones por infracci\u00f3n \\\"muy grave\\\"\",\"breadcrumb\":{\"@id\":\"https:\\\/\\\/www.superfeed.com\\\/?p=6014#breadcrumb\"},\"inLanguage\":\"es\",\"potentialAction\":[{\"@type\":\"ReadAction\",\"target\":[\"https:\\\/\\\/www.superfeed.com\\\/?p=6014\"]}]},{\"@type\":\"ImageObject\",\"inLanguage\":\"es\",\"@id\":\"https:\\\/\\\/www.superfeed.com\\\/?p=6014#primaryimage\",\"url\":\"https:\\\/\\\/www.superfeed.com\\\/wp-content\\\/uploads\\\/2024\\\/02\\\/Cartel-dela-leche.jpg\",\"contentUrl\":\"https:\\\/\\\/www.superfeed.com\\\/wp-content\\\/uploads\\\/2024\\\/02\\\/Cartel-dela-leche.jpg\",\"width\":768,\"height\":768},{\"@type\":\"BreadcrumbList\",\"@id\":\"https:\\\/\\\/www.superfeed.com\\\/?p=6014#breadcrumb\",\"itemListElement\":[{\"@type\":\"ListItem\",\"position\":1,\"name\":\"Home\",\"item\":\"https:\\\/\\\/www.superfeed.com\\\/\"},{\"@type\":\"ListItem\",\"position\":2,\"name\":\"Esc\u00e1ndalo L\u00e1cteo: Confirmado C\u00e1rtel de la leche\"}]},{\"@type\":\"WebSite\",\"@id\":\"https:\\\/\\\/www.superfeed.com\\\/#website\",\"url\":\"https:\\\/\\\/www.superfeed.com\\\/\",\"name\":\"Super Feed\",\"description\":\"Piensos compuestos con tecnologia propia\",\"publisher\":{\"@id\":\"https:\\\/\\\/www.superfeed.com\\\/#organization\"},\"potentialAction\":[{\"@type\":\"SearchAction\",\"target\":{\"@type\":\"EntryPoint\",\"urlTemplate\":\"https:\\\/\\\/www.superfeed.com\\\/?s={search_term_string}\"},\"query-input\":{\"@type\":\"PropertyValueSpecification\",\"valueRequired\":true,\"valueName\":\"search_term_string\"}}],\"inLanguage\":\"es\"},{\"@type\":\"Organization\",\"@id\":\"https:\\\/\\\/www.superfeed.com\\\/#organization\",\"name\":\"Super Feed\",\"url\":\"https:\\\/\\\/www.superfeed.com\\\/\",\"logo\":{\"@type\":\"ImageObject\",\"inLanguage\":\"es\",\"@id\":\"https:\\\/\\\/www.superfeed.com\\\/#\\\/schema\\\/logo\\\/image\\\/\",\"url\":\"https:\\\/\\\/www.superfeed.com\\\/wp-content\\\/uploads\\\/2023\\\/01\\\/LOGO-SUPER-FEED.png\",\"contentUrl\":\"https:\\\/\\\/www.superfeed.com\\\/wp-content\\\/uploads\\\/2023\\\/01\\\/LOGO-SUPER-FEED.png\",\"width\":2362,\"height\":945,\"caption\":\"Super Feed\"},\"image\":{\"@id\":\"https:\\\/\\\/www.superfeed.com\\\/#\\\/schema\\\/logo\\\/image\\\/\"},\"sameAs\":[\"https:\\\/\\\/www.facebook.com\\\/ComunicacionSuperFeed\"]},{\"@type\":\"Person\",\"@id\":\"https:\\\/\\\/www.superfeed.com\\\/#\\\/schema\\\/person\\\/fac35fec60b7ae7b289ba629f9e06c75\",\"name\":\"Super Feed\",\"url\":\"https:\\\/\\\/www.superfeed.com\\\/?author=2\"}]}<\/script>\n<!-- \/ Yoast SEO plugin. -->","yoast_head_json":{"title":"Esc\u00e1ndalo L\u00e1cteo: Confirmado C\u00e1rtel de la leche","description":"La Audiencia Nacional confirm\u00f3 la existencia del c\u00e1rtel de la leche formado por ocho empresas l\u00e1cteasLas sentencias confirman sanciones por infracci\u00f3n \"muy grave\"","robots":{"index":"index","follow":"follow","max-snippet":"max-snippet:-1","max-image-preview":"max-image-preview:large","max-video-preview":"max-video-preview:-1"},"canonical":"https:\/\/www.superfeed.com\/?p=6014","og_locale":"es_ES","og_type":"article","og_title":"Esc\u00e1ndalo L\u00e1cteo: Confirmado C\u00e1rtel de la leche","og_description":"La Audiencia Nacional confirm\u00f3 la existencia del c\u00e1rtel de la leche formado por ocho empresas l\u00e1cteasLas sentencias confirman sanciones por infracci\u00f3n \"muy grave\"","og_url":"https:\/\/www.superfeed.com\/?p=6014","og_site_name":"Super Feed","article_publisher":"https:\/\/www.facebook.com\/ComunicacionSuperFeed","article_published_time":"2024-02-28T19:33:06+00:00","article_modified_time":"2024-06-14T09:47:43+00:00","og_image":[{"width":768,"height":768,"url":"https:\/\/www.superfeed.com\/wp-content\/uploads\/2024\/02\/Cartel-dela-leche.jpg","type":"image\/jpeg"}],"author":"Super Feed","twitter_misc":{"Escrito por":"Super Feed","Tiempo de lectura":"1 minuto"},"schema":{"@context":"https:\/\/schema.org","@graph":[{"@type":"Article","@id":"https:\/\/www.superfeed.com\/?p=6014#article","isPartOf":{"@id":"https:\/\/www.superfeed.com\/?p=6014"},"author":{"name":"Super Feed","@id":"https:\/\/www.superfeed.com\/#\/schema\/person\/fac35fec60b7ae7b289ba629f9e06c75"},"headline":"Esc\u00e1ndalo L\u00e1cteo: Confirmado C\u00e1rtel de la leche","datePublished":"2024-02-28T19:33:06+00:00","dateModified":"2024-06-14T09:47:43+00:00","mainEntityOfPage":{"@id":"https:\/\/www.superfeed.com\/?p=6014"},"wordCount":170,"publisher":{"@id":"https:\/\/www.superfeed.com\/#organization"},"image":{"@id":"https:\/\/www.superfeed.com\/?p=6014#primaryimage"},"thumbnailUrl":"https:\/\/www.superfeed.com\/wp-content\/uploads\/2024\/02\/Cartel-dela-leche.jpg","articleSection":["Noticias Super Feed"],"inLanguage":"es"},{"@type":"WebPage","@id":"https:\/\/www.superfeed.com\/?p=6014","url":"https:\/\/www.superfeed.com\/?p=6014","name":"Esc\u00e1ndalo L\u00e1cteo: Confirmado C\u00e1rtel de la leche","isPartOf":{"@id":"https:\/\/www.superfeed.com\/#website"},"primaryImageOfPage":{"@id":"https:\/\/www.superfeed.com\/?p=6014#primaryimage"},"image":{"@id":"https:\/\/www.superfeed.com\/?p=6014#primaryimage"},"thumbnailUrl":"https:\/\/www.superfeed.com\/wp-content\/uploads\/2024\/02\/Cartel-dela-leche.jpg","datePublished":"2024-02-28T19:33:06+00:00","dateModified":"2024-06-14T09:47:43+00:00","description":"La Audiencia Nacional confirm\u00f3 la existencia del c\u00e1rtel de la leche formado por ocho empresas l\u00e1cteasLas sentencias confirman sanciones por infracci\u00f3n \"muy grave\"","breadcrumb":{"@id":"https:\/\/www.superfeed.com\/?p=6014#breadcrumb"},"inLanguage":"es","potentialAction":[{"@type":"ReadAction","target":["https:\/\/www.superfeed.com\/?p=6014"]}]},{"@type":"ImageObject","inLanguage":"es","@id":"https:\/\/www.superfeed.com\/?p=6014#primaryimage","url":"https:\/\/www.superfeed.com\/wp-content\/uploads\/2024\/02\/Cartel-dela-leche.jpg","contentUrl":"https:\/\/www.superfeed.com\/wp-content\/uploads\/2024\/02\/Cartel-dela-leche.jpg","width":768,"height":768},{"@type":"BreadcrumbList","@id":"https:\/\/www.superfeed.com\/?p=6014#breadcrumb","itemListElement":[{"@type":"ListItem","position":1,"name":"Home","item":"https:\/\/www.superfeed.com\/"},{"@type":"ListItem","position":2,"name":"Esc\u00e1ndalo L\u00e1cteo: Confirmado C\u00e1rtel de la leche"}]},{"@type":"WebSite","@id":"https:\/\/www.superfeed.com\/#website","url":"https:\/\/www.superfeed.com\/","name":"Super Feed","description":"Piensos compuestos con tecnologia propia","publisher":{"@id":"https:\/\/www.superfeed.com\/#organization"},"potentialAction":[{"@type":"SearchAction","target":{"@type":"EntryPoint","urlTemplate":"https:\/\/www.superfeed.com\/?s={search_term_string}"},"query-input":{"@type":"PropertyValueSpecification","valueRequired":true,"valueName":"search_term_string"}}],"inLanguage":"es"},{"@type":"Organization","@id":"https:\/\/www.superfeed.com\/#organization","name":"Super Feed","url":"https:\/\/www.superfeed.com\/","logo":{"@type":"ImageObject","inLanguage":"es","@id":"https:\/\/www.superfeed.com\/#\/schema\/logo\/image\/","url":"https:\/\/www.superfeed.com\/wp-content\/uploads\/2023\/01\/LOGO-SUPER-FEED.png","contentUrl":"https:\/\/www.superfeed.com\/wp-content\/uploads\/2023\/01\/LOGO-SUPER-FEED.png","width":2362,"height":945,"caption":"Super Feed"},"image":{"@id":"https:\/\/www.superfeed.com\/#\/schema\/logo\/image\/"},"sameAs":["https:\/\/www.facebook.com\/ComunicacionSuperFeed"]},{"@type":"Person","@id":"https:\/\/www.superfeed.com\/#\/schema\/person\/fac35fec60b7ae7b289ba629f9e06c75","name":"Super Feed","url":"https:\/\/www.superfeed.com\/?author=2"}]}},"_links":{"self":[{"href":"https:\/\/www.superfeed.com\/index.php?rest_route=\/wp\/v2\/posts\/6014","targetHints":{"allow":["GET"]}}],"collection":[{"href":"https:\/\/www.superfeed.com\/index.php?rest_route=\/wp\/v2\/posts"}],"about":[{"href":"https:\/\/www.superfeed.com\/index.php?rest_route=\/wp\/v2\/types\/post"}],"author":[{"embeddable":true,"href":"https:\/\/www.superfeed.com\/index.php?rest_route=\/wp\/v2\/users\/2"}],"replies":[{"embeddable":true,"href":"https:\/\/www.superfeed.com\/index.php?rest_route=%2Fwp%2Fv2%2Fcomments&post=6014"}],"version-history":[{"count":4,"href":"https:\/\/www.superfeed.com\/index.php?rest_route=\/wp\/v2\/posts\/6014\/revisions"}],"predecessor-version":[{"id":6262,"href":"https:\/\/www.superfeed.com\/index.php?rest_route=\/wp\/v2\/posts\/6014\/revisions\/6262"}],"wp:featuredmedia":[{"embeddable":true,"href":"https:\/\/www.superfeed.com\/index.php?rest_route=\/wp\/v2\/media\/6015"}],"wp:attachment":[{"href":"https:\/\/www.superfeed.com\/index.php?rest_route=%2Fwp%2Fv2%2Fmedia&parent=6014"}],"wp:term":[{"taxonomy":"category","embeddable":true,"href":"https:\/\/www.superfeed.com\/index.php?rest_route=%2Fwp%2Fv2%2Fcategories&post=6014"},{"taxonomy":"post_tag","embeddable":true,"href":"https:\/\/www.superfeed.com\/index.php?rest_route=%2Fwp%2Fv2%2Ftags&post=6014"}],"curies":[{"name":"wp","href":"https:\/\/api.w.org\/{rel}","templated":true}]}}